{"id":9817,"date":"2020-09-24T13:20:54","date_gmt":"2020-09-24T11:20:54","guid":{"rendered":"http:\/\/osiiims.splet.arnes.si\/?p=9817"},"modified":"2020-09-24T13:21:52","modified_gmt":"2020-09-24T11:21:52","slug":"jesenski-kros-2","status":"publish","type":"post","link":"https:\/\/osiiims.splet.arnes.si\/?p=9817","title":{"rendered":"Jesenski kros"},"content":{"rendered":"<p style=\"text-align: justify\">V sredo, 23. 9., smo z u\u010denci 6., 8. in 9.razredov izpeljali prvi leto\u0161nji \u0161portni dan. Namenjen je bil tekmovanju v \u0161olskem krosu, katerega smo izvedli na letali\u0161\u010du v Raki\u010danu. Najbolj\u0161e rezultate na 1000-metrski progi so dosegli naslednji u\u010denci in u\u010denke:<\/p>\n<table style=\"height: 552px\" width=\"452\">\n<tbody>\n<tr style=\"height: 56px\">\n<td style=\"height: 56px;width: 73.2167px\"><strong>Deklice<\/strong><\/td>\n<td style=\"height: 56px;width: 122.2px\"><strong>6.razred<\/strong><\/td>\n<td style=\"height: 56px;width: 122.3px\"><strong>8.razred<\/strong><\/td>\n<td style=\"height: 56px;width: 106.283px\"><strong>9.razred<\/strong><\/td>\n<\/tr>\n<tr style=\"height: 10px\">\n<td style=\"height: 10px;width: 73.2167px\"><strong>1.mesto<\/strong><\/td>\n<td style=\"height: 10px;width: 122.2px\">Iza O\u0161laj<\/td>\n<td style=\"height: 10px;width: 122.3px\">Lana Poredo\u0161<\/td>\n<td style=\"height: 10px;width: 106.283px\">Selina Gy\u00f6rek<\/td>\n<\/tr>\n<tr style=\"height: 56px\">\n<td style=\"height: 34px;width: 73.2167px\"><strong>2.mesto<\/strong><\/td>\n<td style=\"height: 34px;width: 122.2px\">Neli Re\u017eonja<\/td>\n<td style=\"height: 34px;width: 122.3px\">Julia Horvat<\/td>\n<td style=\"height: 34px;width: 106.283px\">Lara Zelko<\/td>\n<\/tr>\n<tr style=\"height: 56px\">\n<td style=\"height: 28px;width: 73.2167px\"><strong>3.mesto<\/strong><\/td>\n<td style=\"height: 28px;width: 122.2px\">Katja Egi\u0107<\/td>\n<td style=\"height: 28px;width: 122.3px\">Ur\u0161a \u0160libar<\/td>\n<td style=\"height: 28px;width: 106.283px\">Nika Re\u017eonja<\/td>\n<\/tr>\n<tr style=\"height: 56px\">\n<td style=\"height: 34px;width: 73.2167px\"><strong>De\u010dki<\/strong><\/td>\n<td style=\"height: 34px;width: 122.2px\"><\/td>\n<td style=\"height: 34px;width: 122.3px\"><\/td>\n<td style=\"height: 34px;width: 106.283px\"><\/td>\n<\/tr>\n<tr style=\"height: 56px\">\n<td style=\"height: 38px;width: 73.2167px\"><strong>1.mesto<\/strong><\/td>\n<td style=\"height: 38px;width: 122.2px\">Tristan Ranta\u0161a<\/td>\n<td style=\"height: 38px;width: 122.3px\">Amadej Kastelic<\/td>\n<td style=\"height: 38px;width: 106.283px\">Urh Skok<\/td>\n<\/tr>\n<tr style=\"height: 56px\">\n<td style=\"height: 22px;width: 73.2167px\"><strong>2.mesto<\/strong><\/td>\n<td style=\"height: 22px;width: 122.2px\">Lan Dominko<\/td>\n<td style=\"height: 22px;width: 122.3px\">Tim Sapa\u010d<\/td>\n<td style=\"height: 22px;width: 106.283px\">Anej Majer<\/td>\n<\/tr>\n<tr style=\"height: 56px\">\n<td style=\"height: 38px;width: 73.2167px\"><strong>3.mesto<\/strong><\/td>\n<td style=\"height: 38px;width: 122.2px\">Alex Vukan<\/td>\n<td style=\"height: 38px;width: 122.3px\">Danijel Bala\u017eic<\/td>\n<td style=\"height: 38px;width: 106.283px\">\u017dan \u010cahuk<\/td>\n<\/tr>\n<\/tbody>\n<\/table>\n<p style=\"text-align: right\">Andrej Vidmar, \u0161portni pedagog<\/p>\n<p style=\"text-align: center\"><a href=\"http:\/\/os3ms.si\/?page_id=19&amp;album=15&amp;gallery=695\"><img loading=\"lazy\" decoding=\"async\" class=\"ngg-singlepic ngg-none aligncenter\" src=\"https:\/\/osiiims.splet.arnes.si\/wp-content\/blogs.dir\/7180\/files\/jesenski-kros_1\/img_20200923_104723_1.jpg\" alt=\"img_20200923_104723_1\" width=\"1024\" height=\"768\" \/><\/a><\/p>\n<p style=\"text-align: center\">Ve\u010d slik si lahko ogledate s klikom na sliko.<\/p>\n","protected":false},"excerpt":{"rendered":"<p>V sredo, 23. 9., smo z u\u010denci 6., 8. in 9.razredov izpeljali prvi leto\u0161nji \u0161portni dan. Namenjen je bil tekmovanju v \u0161olskem krosu, katerega smo izvedli na letali\u0161\u010du v Raki\u010danu. [&hellip;]<\/p>\n","protected":false},"author":6834,"featured_media":0,"comment_status":"closed","ping_status":"closed","sticky":false,"template":"","format":"standard","meta":{"ngg_post_thumbnail":0,"footnotes":""},"categories":[4],"tags":[],"class_list":["post-9817","post","type-post","status-publish","format-standard","hentry","category-dnevi-dejavnosti"],"_links":{"self":[{"href":"https:\/\/osiiims.splet.arnes.si\/index.php?rest_route=\/wp\/v2\/posts\/9817","targetHints":{"allow":["GET"]}}],"collection":[{"href":"https:\/\/osiiims.splet.arnes.si\/index.php?rest_route=\/wp\/v2\/posts"}],"about":[{"href":"https:\/\/osiiims.splet.arnes.si\/index.php?rest_route=\/wp\/v2\/types\/post"}],"author":[{"embeddable":true,"href":"https:\/\/osiiims.splet.arnes.si\/index.php?rest_route=\/wp\/v2\/users\/6834"}],"replies":[{"embeddable":true,"href":"https:\/\/osiiims.splet.arnes.si\/index.php?rest_route=%2Fwp%2Fv2%2Fcomments&post=9817"}],"version-history":[{"count":2,"href":"https:\/\/osiiims.splet.arnes.si\/index.php?rest_route=\/wp\/v2\/posts\/9817\/revisions"}],"predecessor-version":[{"id":9821,"href":"https:\/\/osiiims.splet.arnes.si\/index.php?rest_route=\/wp\/v2\/posts\/9817\/revisions\/9821"}],"wp:attachment":[{"href":"https:\/\/osiiims.splet.arnes.si\/index.php?rest_route=%2Fwp%2Fv2%2Fmedia&parent=9817"}],"wp:term":[{"taxonomy":"category","embeddable":true,"href":"https:\/\/osiiims.splet.arnes.si\/index.php?rest_route=%2Fwp%2Fv2%2Fcategories&post=9817"},{"taxonomy":"post_tag","embeddable":true,"href":"https:\/\/osiiims.splet.arnes.si\/index.php?rest_route=%2Fwp%2Fv2%2Ftags&post=9817"}],"curies":[{"name":"wp","href":"https:\/\/api.w.org\/{rel}","templated":true}]}}